{"id":434,"date":"2008-01-06T19:16:54","date_gmt":"2008-01-06T19:16:54","guid":{"rendered":"http:\/\/bruegge.net\/?p=434"},"modified":"2020-02-06T19:17:04","modified_gmt":"2020-02-06T19:17:04","slug":"europaische-offentlichkeit-durch-offentlichkeitsarbeit-die-informationspolitik-der-eu-kommission-2008","status":"publish","type":"post","link":"http:\/\/bruegge.net\/?p=434","title":{"rendered":"Europ\u00e4ische \u00d6ffentlichkeit durch \u00d6ffentlichkeitsarbeit? Die Informationspolitik der EU-Kommission (2008)"},"content":{"rendered":"\n<p><strong>Abstract<\/strong><\/p>\n\n\n\n<p>Die Kluft zwischen Anspruch und Wirklichkeit ist tief, wenn es um die Versuche der<br>Europ\u00e4ischen Kommission geht, mit den B\u00fcrgern zu kommunizieren. Das Ziel ist die Entwicklung von Informationsaktivit\u00e4ten als eigenst\u00e4ndige \u201aPolicy\u2019, die Transparenz schafft und einen Dialog mit den B\u00fcrgern organisiert. Ultimativ ist das Ziel dieser Politik die F\u00f6rderung einer europ\u00e4ischen \u00d6ffentlichkeit, wie im Wei\u00dfbuch \u00fcber eine europ\u00e4ische Kommunikationspolitik und anderen Dokumenten zu lesen ist (KOMMISSION 2006a; KOMMISSION 2005h; KOMMISSION 2002p). In der Praxis f\u00e4llt es der Kommission aber sehr schwer, mit B\u00fcrgern ins Gespr\u00e4ch zu kommen, wie den Ar beitsdokumenten der Kommission ebenfalls zu entnehmen ist: Da gibt es nicht nur Herausforderungen, sondern echte Probleme . Nur scheinbar ist die Vermittlung des Themas Europ\u00e4ische Union ganz einfach: \u201eWir m\u00fcssen in verst\u00e4ndlicher Weise erkl\u00e4ren, wie die EU funktioniert, was sie geleistet hat, wohin es geht und aus welchen Gr\u00fcnden. Dann gewinnt man die Menschen f\u00fcr das europ\u00e4ische Projekt\u201c (K\u00f6hler et al. 2005: 10). So schrieben sieben europ\u00e4ische Staatschefs in einem in verschiedenen europ\u00e4ischen Zeitungen ver\u00f6ffentlichten Essay. Doch der Zeitpunkt des Erscheinens dieses Artikels im Juli 2005 l\u00e4sst aufmerken. Gerade waren die Referenden zum europ\u00e4ischen Verfassungsvertrag in Frankreich und den Niederlanden gescheitert. Beim Thema EU Politik handelt es sich nicht um ein kleineres Missverst\u00e4ndnis zwischen politischen Eliten und B\u00fcrgern. Die EU hat ein tief greifende Vermittlungsproblem, so die Annahme dieser Arbeit.<\/p>\n\n\n\n<figure class=\"wp-block-image size-large\"><img loading=\"lazy\" decoding=\"async\" width=\"189\" height=\"267\" src=\"http:\/\/bruegge.net\/wp-content\/uploads\/2020\/02\/europ\u00e4ische-\u00f6ffentlichkeitsarbeit.png\" alt=\"\" class=\"wp-image-435\"\/><\/figure>\n\n\n\n<p>Br\u00fcggemann, Michael (2008): Europ\u00e4ische \u00d6ffentlichkeit durch \u00d6ffentlichkeitsarbeit? Die Informationspolitik der EU- Kommission. Wiesbaden: VS Verlag f\u00fcr Sozialewissenschaften. Available online at <a href=\"https:\/\/www.springer.com\/de\/book\/9783531157047\">https:\/\/www.springer.com\/de\/book\/9783531157047<\/a>.<\/p>\n\n\n\n<div class=\"wp-block-file\"><a href=\"http:\/\/bruegge.net\/wp-content\/uploads\/2020\/02\/brueggemann_Buch_EUInfopolitik_2008.pdf\" class=\"wp-block-file__button\" download>Download<\/a><\/div>\n","protected":false},"excerpt":{"rendered":"<p>Abstract Die Kluft zwischen Anspruch und Wirklichkeit ist tief, wenn es um die Versuche derEurop\u00e4ischen Kommission geht, mit den B\u00fcrgern zu kommunizieren. Das Ziel ist die Entwicklung von Informationsaktivit\u00e4ten als eigenst\u00e4ndige \u201aPolicy\u2019, die Transparenz schafft und einen Dialog mit den B\u00fcrgern organisiert. Ultimativ ist das Ziel dieser Politik die F\u00f6rderung einer europ\u00e4ischen \u00d6ffentlichkeit, wie im &hellip; <a href=\"http:\/\/bruegge.net\/?p=434\" class=\"more-link\">Continue reading<span class=\"screen-reader-text\"> &#8220;Europ\u00e4ische \u00d6ffentlichkeit durch \u00d6ffentlichkeitsarbeit? Die Informationspolitik der EU-Kommission (2008)&#8221;<\/span><\/a><\/p>\n","protected":false},"author":1,"featured_media":0,"comment_status":"open","ping_status":"open","sticky":false,"template":"","format":"standard","meta":{"footnotes":""},"categories":[4],"tags":[],"class_list":["post-434","post","type-post","status-publish","format-standard","hentry","category-books"],"_links":{"self":[{"href":"http:\/\/bruegge.net\/index.php?rest_route=\/wp\/v2\/posts\/434","targetHints":{"allow":["GET"]}}],"collection":[{"href":"http:\/\/bruegge.net\/index.php?rest_route=\/wp\/v2\/posts"}],"about":[{"href":"http:\/\/bruegge.net\/index.php?rest_route=\/wp\/v2\/types\/post"}],"author":[{"embeddable":true,"href":"http:\/\/bruegge.net\/index.php?rest_route=\/wp\/v2\/users\/1"}],"replies":[{"embeddable":true,"href":"http:\/\/bruegge.net\/index.php?rest_route=%2Fwp%2Fv2%2Fcomments&post=434"}],"version-history":[{"count":2,"href":"http:\/\/bruegge.net\/index.php?rest_route=\/wp\/v2\/posts\/434\/revisions"}],"predecessor-version":[{"id":512,"href":"http:\/\/bruegge.net\/index.php?rest_route=\/wp\/v2\/posts\/434\/revisions\/512"}],"wp:attachment":[{"href":"http:\/\/bruegge.net\/index.php?rest_route=%2Fwp%2Fv2%2Fmedia&parent=434"}],"wp:term":[{"taxonomy":"category","embeddable":true,"href":"http:\/\/bruegge.net\/index.php?rest_route=%2Fwp%2Fv2%2Fcategories&post=434"},{"taxonomy":"post_tag","embeddable":true,"href":"http:\/\/bruegge.net\/index.php?rest_route=%2Fwp%2Fv2%2Ftags&post=434"}],"curies":[{"name":"wp","href":"https:\/\/api.w.org\/{rel}","templated":true}]}}