{"id":443,"date":"2008-01-03T19:34:04","date_gmt":"2008-01-03T19:34:04","guid":{"rendered":"http:\/\/bruegge.net\/?p=443"},"modified":"2020-02-06T19:34:18","modified_gmt":"2020-02-06T19:34:18","slug":"die-illusion-vom-dialog-mit-den-burgern-wie-die-informationspolitik-der-eu-kommission-zur-konstitution-einer-europaischen-offentlichkeit-beitragen-konnte-2008","status":"publish","type":"post","link":"http:\/\/bruegge.net\/?p=443","title":{"rendered":"Die Illusion vom Dialog mit den B\u00fcrgern. Wie die Informationspolitik der EU-Kommission zur Konstitution einer europ\u00e4ischen \u00d6ffentlichkeit beitragen k\u00f6nnte (2008)"},"content":{"rendered":"\n<p><strong>Abstract<\/strong><\/p>\n\n\n\n<p>Die Europ\u00e4ische Union (EU) hat ein Problem mit ihren B\u00fcrgern. 50 Jahre lang haben die politischen Eliten den Integrationsprozess weitgehend unter Ausschluss der \u00d6ffentlichkeit vorangetrieben. Als man die B\u00fcrger fragte, ob sie die geplante Verfassung f\u00fcr die EU wollten, sagten 55 Prozent der franz\u00f6sischen W\u00e4hler \u201eNon\u201c und 62 Prozent der abstimmenden Niederl\u00e4nder \u201eNee\u201c. Das war Anfang Juni 2005. Im Juni 2008 lehnten die Iren die Ratifizierung des Lissaboner Vertrags ab. Seitdem ist<br>klar: Die EU hat ein Vermittlungsproblem.<\/p>\n\n\n\n<figure class=\"wp-block-image size-large\"><img loading=\"lazy\" decoding=\"async\" width=\"300\" height=\"168\" src=\"http:\/\/bruegge.net\/wp-content\/uploads\/2020\/02\/pr-magazin.png\" alt=\"\" class=\"wp-image-444\"\/><\/figure>\n\n\n\n<p>Br\u00fcggemann, Michael (2008): Die Illusion vom Dialog mit den B\u00fcrgern. Wie die Informationspolitik der EU-Kommission zur Konstitution einer europ\u00e4ischen \u00d6ffentlichkeit beitragen k\u00f6nnte. In PR-Magazin 39 (8), pp.\u00a065\u201370.<\/p>\n\n\n\n<div class=\"wp-block-file\"><a href=\"http:\/\/bruegge.net\/wp-content\/uploads\/2020\/02\/brueggemann_dialogillusion_prmagazin_08.pdf\" class=\"wp-block-file__button\" download>Download<\/a><\/div>\n","protected":false},"excerpt":{"rendered":"<p>Abstract Die Europ\u00e4ische Union (EU) hat ein Problem mit ihren B\u00fcrgern. 50 Jahre lang haben die politischen Eliten den Integrationsprozess weitgehend unter Ausschluss der \u00d6ffentlichkeit vorangetrieben. Als man die B\u00fcrger fragte, ob sie die geplante Verfassung f\u00fcr die EU wollten, sagten 55 Prozent der franz\u00f6sischen W\u00e4hler \u201eNon\u201c und 62 Prozent der abstimmenden Niederl\u00e4nder \u201eNee\u201c. Das &hellip; <a href=\"http:\/\/bruegge.net\/?p=443\" class=\"more-link\">Continue reading<span class=\"screen-reader-text\"> &#8220;Die Illusion vom Dialog mit den B\u00fcrgern. Wie die Informationspolitik der EU-Kommission zur Konstitution einer europ\u00e4ischen \u00d6ffentlichkeit beitragen k\u00f6nnte (2008)&#8221;<\/span><\/a><\/p>\n","protected":false},"author":1,"featured_media":0,"comment_status":"open","ping_status":"open","sticky":false,"template":"","format":"standard","meta":{"footnotes":""},"categories":[10],"tags":[],"class_list":["post-443","post","type-post","status-publish","format-standard","hentry","category-essays"],"_links":{"self":[{"href":"http:\/\/bruegge.net\/index.php?rest_route=\/wp\/v2\/posts\/443","targetHints":{"allow":["GET"]}}],"collection":[{"href":"http:\/\/bruegge.net\/index.php?rest_route=\/wp\/v2\/posts"}],"about":[{"href":"http:\/\/bruegge.net\/index.php?rest_route=\/wp\/v2\/types\/post"}],"author":[{"embeddable":true,"href":"http:\/\/bruegge.net\/index.php?rest_route=\/wp\/v2\/users\/1"}],"replies":[{"embeddable":true,"href":"http:\/\/bruegge.net\/index.php?rest_route=%2Fwp%2Fv2%2Fcomments&post=443"}],"version-history":[{"count":1,"href":"http:\/\/bruegge.net\/index.php?rest_route=\/wp\/v2\/posts\/443\/revisions"}],"predecessor-version":[{"id":446,"href":"http:\/\/bruegge.net\/index.php?rest_route=\/wp\/v2\/posts\/443\/revisions\/446"}],"wp:attachment":[{"href":"http:\/\/bruegge.net\/index.php?rest_route=%2Fwp%2Fv2%2Fmedia&parent=443"}],"wp:term":[{"taxonomy":"category","embeddable":true,"href":"http:\/\/bruegge.net\/index.php?rest_route=%2Fwp%2Fv2%2Fcategories&post=443"},{"taxonomy":"post_tag","embeddable":true,"href":"http:\/\/bruegge.net\/index.php?rest_route=%2Fwp%2Fv2%2Ftags&post=443"}],"curies":[{"name":"wp","href":"https:\/\/api.w.org\/{rel}","templated":true}]}}