{"id":690,"date":"2022-07-14T09:48:58","date_gmt":"2022-07-14T09:48:58","guid":{"rendered":"http:\/\/bruegge.net\/?p=690"},"modified":"2024-08-15T15:32:55","modified_gmt":"2024-08-15T15:32:55","slug":"pladoyer-fur-eine-bescheidene-weltverbesserung","status":"publish","type":"post","link":"http:\/\/bruegge.net\/?p=690","title":{"rendered":"Pl\u00e4doyer f\u00fcr eine bescheidene Weltverbesserung: transformativer Journalismus und transformative Kommunikationswissenschaft"},"content":{"rendered":"\n<p class=\"has-text-align-left\">Abstract<\/p>\n\n\n\n<p class=\"has-light-gray-background-color has-background\">Die globalen \u00f6kologischen Krisen stellen Journalismus und Kommunikationswissenschaft vor die Frage: Wie tragen wir zur \u00f6kologischen Transformation unserer Gesellschaft bei? Beide Berufsst\u00e4nde verstecken sich hinter dem Dogma distanzierter und neutraler Weltbeobachtung und vermeiden so die Frage nach ihrem gesellschaftlich-\u00f6kologischen Fu\u00dfabdruck: Der besteht nicht nur in Flugreisen und Materialverbrauch, sondern auch in der Entscheidung f\u00fcr bestimmte Forschungsfragen, f\u00fcr oder gegen eine Einmischung in die Debatten \u00fcber die \u00f6kologische Transformation unserer Gesellschaft. Transformative Kommunikationswissenschaft k\u00f6nnte diesen Debatten Reflexivit\u00e4t zur\u00fcckspielen, kritisch, l\u00f6sungsorientiert und stets bereit, die eigene Bias mitzudenken und eigene Fehler zu korrigieren.<\/p>\n\n\n\n<p><\/p>\n\n\n\n<div class=\"wp-block-buttons is-layout-flex wp-block-buttons-is-layout-flex\">\n<div class=\"wp-block-button has-custom-font-size has-small-font-size\"><a class=\"wp-block-button__link wp-element-button\" href=\"http:\/\/bruegge.net\/wp-content\/uploads\/2022\/07\/Brueggemann_BescheideneWeltverbesserung_ComSoc22.pdf\">Download<\/a><\/div>\n<\/div>\n\n\n\n<p><\/p>\n\n\n\n<p>Br\u00fcggemann, Michael (2022): Pl\u00e4doyer f\u00fcr eine bescheidene Weltverbesserung. Transformativer Journalismus und transformative Kommunikationswissenschaft. In Communicatio Socialis 55 (2), 176\u2013183. DOI: 10.5771\/0010-3497-2022-2-176.<\/p>\n","protected":false},"excerpt":{"rendered":"<p>Abstract Die globalen \u00f6kologischen Krisen stellen Journalismus und Kommunikationswissenschaft vor die Frage: Wie tragen wir zur \u00f6kologischen Transformation unserer Gesellschaft bei? Beide Berufsst\u00e4nde verstecken sich hinter dem Dogma distanzierter und neutraler Weltbeobachtung und vermeiden so die Frage nach ihrem gesellschaftlich-\u00f6kologischen Fu\u00dfabdruck: Der besteht nicht nur in Flugreisen und Materialverbrauch, sondern auch in der Entscheidung f\u00fcr &hellip; <a href=\"http:\/\/bruegge.net\/?p=690\" class=\"more-link\">Continue reading<span class=\"screen-reader-text\"> &#8220;Pl\u00e4doyer f\u00fcr eine bescheidene Weltverbesserung: transformativer Journalismus und transformative Kommunikationswissenschaft&#8221;<\/span><\/a><\/p>\n","protected":false},"author":3,"featured_media":0,"comment_status":"closed","ping_status":"closed","sticky":false,"template":"","format":"standard","meta":{"footnotes":""},"categories":[3],"tags":[],"class_list":["post-690","post","type-post","status-publish","format-standard","hentry","category-book-chapters"],"_links":{"self":[{"href":"http:\/\/bruegge.net\/index.php?rest_route=\/wp\/v2\/posts\/690","targetHints":{"allow":["GET"]}}],"collection":[{"href":"http:\/\/bruegge.net\/index.php?rest_route=\/wp\/v2\/posts"}],"about":[{"href":"http:\/\/bruegge.net\/index.php?rest_route=\/wp\/v2\/types\/post"}],"author":[{"embeddable":true,"href":"http:\/\/bruegge.net\/index.php?rest_route=\/wp\/v2\/users\/3"}],"replies":[{"embeddable":true,"href":"http:\/\/bruegge.net\/index.php?rest_route=%2Fwp%2Fv2%2Fcomments&post=690"}],"version-history":[{"count":7,"href":"http:\/\/bruegge.net\/index.php?rest_route=\/wp\/v2\/posts\/690\/revisions"}],"predecessor-version":[{"id":899,"href":"http:\/\/bruegge.net\/index.php?rest_route=\/wp\/v2\/posts\/690\/revisions\/899"}],"wp:attachment":[{"href":"http:\/\/bruegge.net\/index.php?rest_route=%2Fwp%2Fv2%2Fmedia&parent=690"}],"wp:term":[{"taxonomy":"category","embeddable":true,"href":"http:\/\/bruegge.net\/index.php?rest_route=%2Fwp%2Fv2%2Fcategories&post=690"},{"taxonomy":"post_tag","embeddable":true,"href":"http:\/\/bruegge.net\/index.php?rest_route=%2Fwp%2Fv2%2Ftags&post=690"}],"curies":[{"name":"wp","href":"https:\/\/api.w.org\/{rel}","templated":true}]}}