{"id":700,"date":"2022-07-12T10:57:06","date_gmt":"2022-07-12T10:57:06","guid":{"rendered":"http:\/\/bruegge.net\/?p=700"},"modified":"2024-08-15T15:33:05","modified_gmt":"2024-08-15T15:33:05","slug":"klimawandel-und-klimapolitik-bleiben-trotz-covid-19-pandemie-etablierte-themen","status":"publish","type":"post","link":"http:\/\/bruegge.net\/?p=700","title":{"rendered":"Klimawandel und Klimapolitik bleiben trotz COVID-19-Pandemie etablierte Themen: Medienrezeption w\u00e4hrend der UN-Klimagipfel 2015, 2018, 2019 und 2021"},"content":{"rendered":"\n<h2 class=\"wp-block-heading\"><\/h2>\n\n\n\n<p>Abstract<\/p>\n\n\n\n<p class=\"has-light-gray-background-color has-background\">Der Klimawandel ist seit Jahrzehnten Thema medialer Berichterstattung. Im Rahmen der regelm\u00e4\u00dfigen Befragungen im Projekt &#8220;Down2Earth&#8221; an der Universit\u00e4t Hamburg wurde bereits in der Vergangenheit in Media Perspektiven mittels Mediennutzungsdaten beschrieben, wie die gesellschaftliche Relevanz des Themas in Deutschland seit 2015 deutlich anstieg. Durch die Pandemie kam es jedoch zu Ver\u00e4nderungen, die sich auch auf die Themenwahrnehmung der Mediennutzenden zum Klimawandel ausgewirkt haben. Deshalb wurden die Befragungsdaten um einen weiteren Zeitpunkt (November 2021) erweitert, der die beschriebenen Trends w\u00e4hrend einer globalen Pandemie neu einordnet.<\/p>\n\n\n\n<p><\/p>\n\n\n\n<div class=\"wp-block-buttons is-content-justification-left is-layout-flex wp-container-core-buttons-is-layout-fdcfc74e wp-block-buttons-is-layout-flex\">\n<div class=\"wp-block-button has-custom-font-size has-small-font-size\"><a class=\"wp-block-button__link wp-element-button\" href=\"https:\/\/www.researchgate.net\/publication\/360418333_Klimawandel_und_Klimapolitik_bleiben_trotz_COVID-19-Pandemie_etablierte_Themen\">DOWNLOAD<\/a><\/div>\n<\/div>\n\n\n\n<p><\/p>\n\n\n\n<p>Guenther, Lars; Reif, Anne; De Silva-Schmidt, Fenja; Br\u00fcggemann, Michael (2022): Klimawandel und Klimapolitik bleiben trotz COVID-19-Pandemie etablierte Themen. <em>Medienrezeption w\u00e4hrend der UN-Klimagipfel 2015, 2018, 2019 und 2021 (4), <\/em>pp. 192\u2013202.&nbsp;<\/p>\n","protected":false},"excerpt":{"rendered":"<p>Abstract Der Klimawandel ist seit Jahrzehnten Thema medialer Berichterstattung. Im Rahmen der regelm\u00e4\u00dfigen Befragungen im Projekt &#8220;Down2Earth&#8221; an der Universit\u00e4t Hamburg wurde bereits in der Vergangenheit in Media Perspektiven mittels Mediennutzungsdaten beschrieben, wie die gesellschaftliche Relevanz des Themas in Deutschland seit 2015 deutlich anstieg. Durch die Pandemie kam es jedoch zu Ver\u00e4nderungen, die sich auch &hellip; <a href=\"http:\/\/bruegge.net\/?p=700\" class=\"more-link\">Continue reading<span class=\"screen-reader-text\"> &#8220;Klimawandel und Klimapolitik bleiben trotz COVID-19-Pandemie etablierte Themen: Medienrezeption w\u00e4hrend der UN-Klimagipfel 2015, 2018, 2019 und 2021&#8221;<\/span><\/a><\/p>\n","protected":false},"author":3,"featured_media":0,"comment_status":"closed","ping_status":"closed","sticky":false,"template":"","format":"standard","meta":{"footnotes":""},"categories":[3],"tags":[14],"class_list":["post-700","post","type-post","status-publish","format-standard","hentry","category-book-chapters","tag-down2earth"],"_links":{"self":[{"href":"http:\/\/bruegge.net\/index.php?rest_route=\/wp\/v2\/posts\/700","targetHints":{"allow":["GET"]}}],"collection":[{"href":"http:\/\/bruegge.net\/index.php?rest_route=\/wp\/v2\/posts"}],"about":[{"href":"http:\/\/bruegge.net\/index.php?rest_route=\/wp\/v2\/types\/post"}],"author":[{"embeddable":true,"href":"http:\/\/bruegge.net\/index.php?rest_route=\/wp\/v2\/users\/3"}],"replies":[{"embeddable":true,"href":"http:\/\/bruegge.net\/index.php?rest_route=%2Fwp%2Fv2%2Fcomments&post=700"}],"version-history":[{"count":15,"href":"http:\/\/bruegge.net\/index.php?rest_route=\/wp\/v2\/posts\/700\/revisions"}],"predecessor-version":[{"id":900,"href":"http:\/\/bruegge.net\/index.php?rest_route=\/wp\/v2\/posts\/700\/revisions\/900"}],"wp:attachment":[{"href":"http:\/\/bruegge.net\/index.php?rest_route=%2Fwp%2Fv2%2Fmedia&parent=700"}],"wp:term":[{"taxonomy":"category","embeddable":true,"href":"http:\/\/bruegge.net\/index.php?rest_route=%2Fwp%2Fv2%2Fcategories&post=700"},{"taxonomy":"post_tag","embeddable":true,"href":"http:\/\/bruegge.net\/index.php?rest_route=%2Fwp%2Fv2%2Ftags&post=700"}],"curies":[{"name":"wp","href":"https:\/\/api.w.org\/{rel}","templated":true}]}}