{"id":451,"date":"2008-01-05T19:55:47","date_gmt":"2008-01-05T19:55:47","guid":{"rendered":"http:\/\/bruegge.net\/?p=451"},"modified":"2020-02-06T19:56:18","modified_gmt":"2020-02-06T19:56:18","slug":"segmentierte-transnationalisierung-forschungsprojekt-zum-wandel-der-eu-offentlichkeit-2008","status":"publish","type":"post","link":"https:\/\/bruegge.net\/?p=451","title":{"rendered":"Segmentierte Transnationalisierung. Forschungsprojekt zum Wandel der EU-\u00d6ffentlichkeit (2008)"},"content":{"rendered":"\n<p><strong>Abstract<\/strong><\/p>\n\n\n\n<p>Gibt es so etwas wie eine europ\u00e4ische \u00d6ffentlichkeit? Und wenn ja, wie ist diese gestaltet? Diese beiden Fragen besch\u00e4ftigen seit l\u00e4ngerem die Forschung im Bereich der politischen Kommunikation mit durchaus normativen Erw\u00e4gungen. So wird in verschiedenen Demokratietheorien die (massen) medial vermittelte \u201e\u00d6ffentlichkeit\u201c als zentral angesehen f\u00fcr das Funktionieren von Staaten bzw. die Legitimation von Regierungen. Die Folgerung ist, dass mit dem politischen und wirtschaftlichen Relevanzgewinn der EU auch die Notwendigkeit einer entsprechenden europ\u00e4ischen \u00d6ffentlichkeit besteht.<\/p>\n\n\n\n<figure class=\"wp-block-image size-large\"><img loading=\"lazy\" decoding=\"async\" width=\"189\" height=\"267\" src=\"http:\/\/bruegge.net\/wp-content\/uploads\/2020\/02\/journalistik.jpg\" alt=\"\" class=\"wp-image-452\"\/><\/figure>\n\n\n\n<p>Hepp, Andreas; Br\u00fcggemann, Michael; Kleinen-v. K\u00f6nigsl\u00f6w, Katharina; Lingenberg, Swantje; M\u00f6ller, Johanna (2008): Segmentierte Transnationalisierung. In Journalistik Journal 2, pp.\u00a014\u201315. Available online at <a href=\"https:\/\/www.halem-verlag.de\/segmentierte-transnationalisierung\/.\">https:\/\/www.halem-verlag.de\/segmentierte-transnationalisierung\/.<\/a><\/p>\n\n\n\n<div class=\"wp-block-file\"><a href=\"http:\/\/bruegge.net\/wp-content\/uploads\/2020\/02\/heppetal_segmtransnat_journalistikjourn_08.pdf\" class=\"wp-block-file__button\" download>Download<\/a><\/div>\n","protected":false},"excerpt":{"rendered":"<p>Abstract Gibt es so etwas wie eine europ\u00e4ische \u00d6ffentlichkeit? Und wenn ja, wie ist diese gestaltet? Diese beiden Fragen besch\u00e4ftigen seit l\u00e4ngerem die Forschung im Bereich der politischen Kommunikation mit durchaus normativen Erw\u00e4gungen. So wird in verschiedenen Demokratietheorien die (massen) medial vermittelte \u201e\u00d6ffentlichkeit\u201c als zentral angesehen f\u00fcr das Funktionieren von Staaten bzw. die Legitimation von &hellip; <a href=\"https:\/\/bruegge.net\/?p=451\" class=\"more-link\">Continue reading<span class=\"screen-reader-text\"> &#8220;Segmentierte Transnationalisierung. Forschungsprojekt zum Wandel der EU-\u00d6ffentlichkeit (2008)&#8221;<\/span><\/a><\/p>\n","protected":false},"author":1,"featured_media":0,"comment_status":"open","ping_status":"open","sticky":false,"template":"","format":"standard","meta":{"footnotes":""},"categories":[8],"tags":[],"class_list":["post-451","post","type-post","status-publish","format-standard","hentry","category-studies"],"_links":{"self":[{"href":"https:\/\/bruegge.net\/index.php?rest_route=\/wp\/v2\/posts\/451","targetHints":{"allow":["GET"]}}],"collection":[{"href":"https:\/\/bruegge.net\/index.php?rest_route=\/wp\/v2\/posts"}],"about":[{"href":"https:\/\/bruegge.net\/index.php?rest_route=\/wp\/v2\/types\/post"}],"author":[{"embeddable":true,"href":"https:\/\/bruegge.net\/index.php?rest_route=\/wp\/v2\/users\/1"}],"replies":[{"embeddable":true,"href":"https:\/\/bruegge.net\/index.php?rest_route=%2Fwp%2Fv2%2Fcomments&post=451"}],"version-history":[{"count":1,"href":"https:\/\/bruegge.net\/index.php?rest_route=\/wp\/v2\/posts\/451\/revisions"}],"predecessor-version":[{"id":454,"href":"https:\/\/bruegge.net\/index.php?rest_route=\/wp\/v2\/posts\/451\/revisions\/454"}],"wp:attachment":[{"href":"https:\/\/bruegge.net\/index.php?rest_route=%2Fwp%2Fv2%2Fmedia&parent=451"}],"wp:term":[{"taxonomy":"category","embeddable":true,"href":"https:\/\/bruegge.net\/index.php?rest_route=%2Fwp%2Fv2%2Fcategories&post=451"},{"taxonomy":"post_tag","embeddable":true,"href":"https:\/\/bruegge.net\/index.php?rest_route=%2Fwp%2Fv2%2Ftags&post=451"}],"curies":[{"name":"wp","href":"https:\/\/api.w.org\/{rel}","templated":true}]}}