{"id":455,"date":"2008-01-07T09:29:56","date_gmt":"2008-01-07T09:29:56","guid":{"rendered":"http:\/\/bruegge.net\/?p=455"},"modified":"2020-02-07T09:30:11","modified_gmt":"2020-02-07T09:30:11","slug":"rezension-barbara-thomas-mediensysteme-im-internationalen-vergleich-2008","status":"publish","type":"post","link":"https:\/\/bruegge.net\/?p=455","title":{"rendered":"Rezension: Barbara Thoma\u00df: Mediensysteme im internationalen Vergleich (2008)"},"content":{"rendered":"\n<p><strong>Abstract<\/strong><\/p>\n\n\n\n<p>Dunkel waren die Vorzeiten national begrenzter Kommunikations- und Medienwissenschaft: Die Forschungsgemeinschaft eines Landes erforschte ihre nationalen Medien und feierte sich dabei in national geschlossenen Zitierzirkeln der eigenen Sprachgemeinschaft. Die lichte Zukunft winkt dagegen in internationalen Forschungsverb\u00fcnden und Projekten, die grenz\u00fcberschreitend forschen und vergleichen. Erst durch den explizit gemachten und systematischen Vergleich werden die Besonderheiten nationaler Medienph\u00e4nomene wissenschaftlich beschreibbar. Und erst der Vergleich erlaubt es, Variationen und grenz\u00fcberschreitende Entwicklungen zu erkennen und zu erkl\u00e4ren.<\/p>\n\n\n\n<figure class=\"wp-block-image size-large\"><img loading=\"lazy\" decoding=\"async\" width=\"187\" height=\"269\" src=\"http:\/\/bruegge.net\/wp-content\/uploads\/2020\/02\/Mediensysteme.png\" alt=\"\" class=\"wp-image-456\"\/><\/figure>\n\n\n\n<p>Br\u00fcggemann, Michael (2008): Rezension: Barbara Thoma\u00df. Mediensysteme im international Vergleich. In Medien &amp; Kommunikationswissenschaft 56 (3\/4), pp.\u00a0509\u2013511. Available online at <a href=\"https:\/\/doi.org\/10.5771\/1615-634X-2008-3-4.\">https:\/\/doi.org\/10.5771\/1615-634X-2008-3-4.<\/a><\/p>\n\n\n\n<div class=\"wp-block-file\"><a href=\"http:\/\/bruegge.net\/wp-content\/uploads\/2020\/02\/Kritik_Thoma\u00df_2008.pdf\" class=\"wp-block-file__button\" download>Download<\/a><\/div>\n","protected":false},"excerpt":{"rendered":"<p>Abstract Dunkel waren die Vorzeiten national begrenzter Kommunikations- und Medienwissenschaft: Die Forschungsgemeinschaft eines Landes erforschte ihre nationalen Medien und feierte sich dabei in national geschlossenen Zitierzirkeln der eigenen Sprachgemeinschaft. Die lichte Zukunft winkt dagegen in internationalen Forschungsverb\u00fcnden und Projekten, die grenz\u00fcberschreitend forschen und vergleichen. Erst durch den explizit gemachten und systematischen Vergleich werden die Besonderheiten &hellip; <a href=\"https:\/\/bruegge.net\/?p=455\" class=\"more-link\">Continue reading<span class=\"screen-reader-text\"> &#8220;Rezension: Barbara Thoma\u00df: Mediensysteme im internationalen Vergleich (2008)&#8221;<\/span><\/a><\/p>\n","protected":false},"author":1,"featured_media":0,"comment_status":"open","ping_status":"open","sticky":false,"template":"","format":"standard","meta":{"footnotes":""},"categories":[6],"tags":[],"class_list":["post-455","post","type-post","status-publish","format-standard","hentry","category-book-review"],"_links":{"self":[{"href":"https:\/\/bruegge.net\/index.php?rest_route=\/wp\/v2\/posts\/455","targetHints":{"allow":["GET"]}}],"collection":[{"href":"https:\/\/bruegge.net\/index.php?rest_route=\/wp\/v2\/posts"}],"about":[{"href":"https:\/\/bruegge.net\/index.php?rest_route=\/wp\/v2\/types\/post"}],"author":[{"embeddable":true,"href":"https:\/\/bruegge.net\/index.php?rest_route=\/wp\/v2\/users\/1"}],"replies":[{"embeddable":true,"href":"https:\/\/bruegge.net\/index.php?rest_route=%2Fwp%2Fv2%2Fcomments&post=455"}],"version-history":[{"count":1,"href":"https:\/\/bruegge.net\/index.php?rest_route=\/wp\/v2\/posts\/455\/revisions"}],"predecessor-version":[{"id":458,"href":"https:\/\/bruegge.net\/index.php?rest_route=\/wp\/v2\/posts\/455\/revisions\/458"}],"wp:attachment":[{"href":"https:\/\/bruegge.net\/index.php?rest_route=%2Fwp%2Fv2%2Fmedia&parent=455"}],"wp:term":[{"taxonomy":"category","embeddable":true,"href":"https:\/\/bruegge.net\/index.php?rest_route=%2Fwp%2Fv2%2Fcategories&post=455"},{"taxonomy":"post_tag","embeddable":true,"href":"https:\/\/bruegge.net\/index.php?rest_route=%2Fwp%2Fv2%2Ftags&post=455"}],"curies":[{"name":"wp","href":"https:\/\/api.w.org\/{rel}","templated":true}]}}