{"id":695,"date":"2022-07-14T09:53:56","date_gmt":"2022-07-14T09:53:56","guid":{"rendered":"http:\/\/bruegge.net\/?p=695"},"modified":"2024-08-15T15:32:44","modified_gmt":"2024-08-15T15:32:44","slug":"zwischen-unterlassung-und-okologischer-verantwortung-klimajournalismus-in-zeiten-kognitiver-dissonanz","status":"publish","type":"post","link":"https:\/\/bruegge.net\/?p=695","title":{"rendered":"Zwischen Unterlassung und \u00f6kologischer Verantwortung: Klimajournalismus in Zeiten kognitiver Dissonanz"},"content":{"rendered":"\n<p>Abstract<\/p>\n\n\n\n<p class=\"has-light-gray-background-color has-background\">Mehr als eine Dekade der Nicht-Kommunikation, der Unt\u00e4tigkeit und des Verdr\u00e4ngens liegt hinter uns. Hei\u00dfe, trockene Sommer, grenz\u00fcberschreitende Jugendproteste und eine \u201aJahrhundertflut\u2018 im Westen Deutschlands haben den Klimawandel in das \u00f6ffentliche Bewusstsein gedr\u00e4ngt und gezeigt: Klimawandel passiert hier vor Ort, vor der Haust\u00fcr jedes und jeder Einzelnen. Expertinnen und Experten weltweit sind sich einig: Eine sofortige Reduktion von Emissionen ist l\u00e4ngst \u00fcberf\u00e4llig. Vor und neben dem Handeln steht aber eine Verst\u00e4ndigung \u00fcber Probleme, Verantwortlichkeiten, angemessene Reaktionen und Ziele im Klimaschutz. Und daf\u00fcr ist Klimakommunikation so wichtig, verstanden als das \u00f6ffentliche Selbstgespr\u00e4ch der Gesellschaft \u00fcber das Thema Klimawandel. Wir zeichnen die gro\u00dfen Linien dieses Gespr\u00e4chs nach, werfen einen Blick in Richtung USA, diskutieren blinde Flecken des Journalismus und erkl\u00e4ren, wie der Berufsstand seiner \u00f6kologischen Verantwortung gerecht werden k\u00f6nnte.<\/p>\n\n\n\n<p><\/p>\n\n\n\n<div class=\"wp-block-buttons is-layout-flex wp-block-buttons-is-layout-flex\">\n<div class=\"wp-block-button has-custom-font-size has-small-font-size\"><a class=\"wp-block-button__link wp-element-button\" href=\"http:\/\/bruegge.net\/wp-content\/uploads\/2022\/07\/BruggemannJorges_ZwischenUnterlassungundokolVerant_Kapitel_2022.pdf\">Download<\/a><\/div>\n<\/div>\n\n\n\n<p><\/p>\n\n\n\n<p>Br\u00fcggemann, Michael; J\u00f6rges, Susan (2022): Zwischen Unterlassung und \u00f6kologischer Verantwortung: Klimajournalismus in Zeiten kognitiver Dissonanz. In KLIMA vor acht (Ed.): <em>Medien in der Klima-Krise<\/em>. M\u00fcnchen: Oekom, pp. 27\u201344.<\/p>\n","protected":false},"excerpt":{"rendered":"<p>Abstract Mehr als eine Dekade der Nicht-Kommunikation, der Unt\u00e4tigkeit und des Verdr\u00e4ngens liegt hinter uns. Hei\u00dfe, trockene Sommer, grenz\u00fcberschreitende Jugendproteste und eine \u201aJahrhundertflut\u2018 im Westen Deutschlands haben den Klimawandel in das \u00f6ffentliche Bewusstsein gedr\u00e4ngt und gezeigt: Klimawandel passiert hier vor Ort, vor der Haust\u00fcr jedes und jeder Einzelnen. Expertinnen und Experten weltweit sind sich einig: &hellip; <a href=\"https:\/\/bruegge.net\/?p=695\" class=\"more-link\">Continue reading<span class=\"screen-reader-text\"> &#8220;Zwischen Unterlassung und \u00f6kologischer Verantwortung: Klimajournalismus in Zeiten kognitiver Dissonanz&#8221;<\/span><\/a><\/p>\n","protected":false},"author":3,"featured_media":0,"comment_status":"closed","ping_status":"closed","sticky":false,"template":"","format":"standard","meta":{"footnotes":""},"categories":[3],"tags":[],"class_list":["post-695","post","type-post","status-publish","format-standard","hentry","category-book-chapters"],"_links":{"self":[{"href":"https:\/\/bruegge.net\/index.php?rest_route=\/wp\/v2\/posts\/695","targetHints":{"allow":["GET"]}}],"collection":[{"href":"https:\/\/bruegge.net\/index.php?rest_route=\/wp\/v2\/posts"}],"about":[{"href":"https:\/\/bruegge.net\/index.php?rest_route=\/wp\/v2\/types\/post"}],"author":[{"embeddable":true,"href":"https:\/\/bruegge.net\/index.php?rest_route=\/wp\/v2\/users\/3"}],"replies":[{"embeddable":true,"href":"https:\/\/bruegge.net\/index.php?rest_route=%2Fwp%2Fv2%2Fcomments&post=695"}],"version-history":[{"count":9,"href":"https:\/\/bruegge.net\/index.php?rest_route=\/wp\/v2\/posts\/695\/revisions"}],"predecessor-version":[{"id":898,"href":"https:\/\/bruegge.net\/index.php?rest_route=\/wp\/v2\/posts\/695\/revisions\/898"}],"wp:attachment":[{"href":"https:\/\/bruegge.net\/index.php?rest_route=%2Fwp%2Fv2%2Fmedia&parent=695"}],"wp:term":[{"taxonomy":"category","embeddable":true,"href":"https:\/\/bruegge.net\/index.php?rest_route=%2Fwp%2Fv2%2Fcategories&post=695"},{"taxonomy":"post_tag","embeddable":true,"href":"https:\/\/bruegge.net\/index.php?rest_route=%2Fwp%2Fv2%2Ftags&post=695"}],"curies":[{"name":"wp","href":"https:\/\/api.w.org\/{rel}","templated":true}]}}